{"id":805,"date":"2024-01-02T19:39:52","date_gmt":"2024-01-02T18:39:52","guid":{"rendered":"https:\/\/fakenews.pl\/en\/?p=805"},"modified":"2024-01-02T19:39:52","modified_gmt":"2024-01-02T18:39:52","slug":"hamas-beheaded-40-children-an-analysis-of-media-reports-surrounding-the-massacre-at-an-israeli-kibbutz","status":"publish","type":"post","link":"https:\/\/fakenews.pl\/en\/general\/hamas-beheaded-40-children-an-analysis-of-media-reports-surrounding-the-massacre-at-an-israeli-kibbutz\/","title":{"rendered":"&#8220;Hamas beheaded 40 children&#8221; \u2013 An analysis of media reports surrounding the massacre at an Israeli kibbutz"},"content":{"rendered":"<p><b>In the first weeks after the terrorist attack on Israel, information circulated in the media that Hamas had beheaded 40 children. Naturally, it evoked strong emotions. However, it quickly turned out that the news may not be completely true. Almost two months have passed since these events, so we decided to take a closer look at this issue after the emotions had partially subsided. We analysed where this narrative came from and whether we can determine how much truth there is to it.<\/b><\/p>\n\n\t\t<div class=\"verdict-wrapper\">\n\t\t<div class=\"rating\">Our rating:<\/div>\n\t\t<div class=\"verdict\">\n\t\t\t<div class=\"icon\">\n\t\t\t\t<img decoding=\"async\" src=\"https:\/\/fakenews.pl\/en\/wp-content\/themes\/fakenews\/images\/rating\/analiza.svg\" alt=\"Analysis\">\n\t\t\t<\/div>\n\t\t\t<div class=\"content\">\n\t\t\t\t<h2>Analysis<\/h2>\n\t\t\t\t<a href=\"https:\/\/fakenews.pl\/en\/foundation-counteracting-disinformation\/system-of-assessment-and-the-methodology\/\">More about our rating system: <i class=\"fa fa-external-link\" aria-hidden=\"true\"><\/i><\/a>\n\t\t\t<\/div>\n\t\t<\/div>\n\t<\/div>\n\n<p><i>CAUTION: The content of this article contains descriptions of murder and mutilation, as well as links to graphic content. We ask our Readers to take this into consideration and make an informed decision about reading this text.<\/i><\/p>\n<p><i>At the same time, we want to emphasise that the article is a case study and should be treated as such. It is intended to show how chaotic the information circulating in the media can be, especially in the case of such traumatic events evoking extreme emotions. We leave it to our readers to evaluate the situation described in the article.<\/i><\/p>\n<p>The article was based on the excellent work of the editorial staff of the fact-checking portals <a href=\"https:\/\/www.tjekdet.dk\/faktatjek\/har-hamas-halshugget-40-babyer-i-israelsk-kibbutz\" target=\"_blank\" rel=\"noopener\">Tjekdet<\/a>\u00a0and\u00a0<a href=\"https:\/\/www.politifact.com\/article\/2023\/nov\/21\/israel-hamas-war-what-we-know-about-beheaded-babie\/\" target=\"_blank\" rel=\"noopener\">PolitiFact<\/a>.<\/p>\n<h2><b>Hamas commits a massacre at the kibbutz<\/b><\/h2>\n<p>On 7 October, 2023, there was a brutal attack by Hamas militants on the Israeli border territories. In addition to a music festival, targets included kibbutzim (cooperative farms). Typically, several hundred people live there and they constitute a small, somewhat closed community. It was in one of them, Kibbutz Kfar Aza, that the massacre of civilians took place.<\/p>\n<h2><b>Hands-on investigation in Kfar Aza<\/b><\/h2>\n<p>3 days after the attack, on 10 October, media representatives were invited to the crime scene. As indicated by the <a href=\"https:\/\/www.politifact.com\/article\/2023\/nov\/21\/israel-hamas-war-what-we-know-about-beheaded-babie\/\" target=\"_blank\" rel=\"noopener\">PolitiFact<\/a>\u00a0and\u00a0<a href=\"https:\/\/www.tjekdet.dk\/faktatjek\/har-hamas-halshugget-40-babyer-i-israelsk-kibbutz\" target=\"_blank\" rel=\"noopener\">Tjekdet<\/a> portals, it was then that news about the decapitated children in Kfar Aza first appeared on the Israeli news channel<a href=\"https:\/\/www.i24news.tv\/en\/news\/israel-at-war\/1696938010-it-smells-of-death-here-surveying-the-scenes-of-atrocities-in-kfar-aza\" target=\"_blank\" rel=\"noopener\">\u00a0i24 News<\/a>. It was reported by Nicole Zedeck, who obtained it from Israeli soldiers. During her second live appearance on 10 October, she <a href=\"https:\/\/www.i24news.tv\/en\/news\/israel-at-war\/1696938010-it-smells-of-death-here-surveying-the-scenes-of-atrocities-in-kfar-aza\">reported<\/a> that decapitated children had been found at the kibbutz. However, during the last live segment, she <a href=\"https:\/\/www.tjekdet.dk\/faktatjek\/har-hamas-halshugget-40-babyer-i-israelsk-kibbutz\" target=\"_blank\" rel=\"noopener\">stated<\/a> that 40 children corpses had been found. Some people probably incorrectly merged these two statements by the journalist, and the discussed narrative originated from the misinterpretation of these words.<\/p>\n<h2><b>Manipulated words by Nicole Zedeck<\/b><\/h2>\n<p>At the same time, however, a manipulated recording of Nicole Zedeck&#8217;s words was circulating on the Internet. It was <a href=\"https:\/\/www.clayandbuck.com\/nicole-zedeck-of-i24-news-talks-to-us-from-israel\/\" target=\"_blank\" rel=\"noopener\">presented<\/a>\u00a0during the American radio program The Clay Travis &amp; Buck Sexton Show, during which the journalist was interviewed. She was asked to refer to a viral recording in which the presenter&#8217;s words about the decapitated youngest victims were questioned. The segment about this case starts at <a href=\"https:\/\/www.clayandbuck.com\/nicole-zedeck-of-i24-news-talks-to-us-from-israel\/\" target=\"_blank\" rel=\"noopener\">4:50<\/a>. Nicole Zedeck responded by saying that it was &#8220;sickening&#8221; to demand evidence in the form of photos and videos of dead children. While adding that it should apply to the whole situation, not only fragments of her material from Kfar Aza.<\/p>\n<p>Indeed, Nicole Zedeck&#8217;s words, which were spoken during the presented recording, were cut and edited to change their context. They can be heard at <a href=\"https:\/\/www.clayandbuck.com\/nicole-zedeck-of-i24-news-talks-to-us-from-israel\/\" target=\"_blank\" rel=\"noopener\">5:30<\/a>. They were prepared in such a way as to suggest that the journalist stated that she had seen decapitated children with her own eyes. However, when we look at the original reports from Kfar Aza, it turns out that this was never the case. Two sentences from Nicole Zedeck&#8217;s second segment were used to create the manipulated recording. It can be found <a href=\"https:\/\/www.i24news.tv\/en\/news\/israel-at-war\/1696938010-it-smells-of-death-here-surveying-the-scenes-of-atrocities-in-kfar-aza\" target=\"_blank\" rel=\"noopener\">here<\/a>\u00a0(below the tweet embedded in the article). The sentences used for manipulation can be heard at 0:17 and 1:36. In fact, the reporter emphasised twice that she received information about the decapitated youngest victims from Israeli soldiers, without ever claiming to have seen them with her own eyes.<\/p>\n<h2><b>Reports from other journalists<\/b><\/h2>\n<p>French journalist with the LCI channel, Margot Haddad, <a href=\"https:\/\/archive.ph\/xq84M\" target=\"_blank\" rel=\"noopener\">confirmed<\/a>\u00a0Nicole Zedeck&#8217;s reports, saying that she had photos and recordings of decapitated children, but would never share them due to their brutality. She also emphasised that the total number of victims was unknown and she was unable to confirm how many children died.<\/p>\n<p>Information about beheaded people was also <a href=\"https:\/\/www.instagram.com\/p\/CyOI6Ztsftq\/?hl=en\" target=\"_blank\" rel=\"noopener\">reported<\/a>\u00a0by CNN\u2019s Nic Robertson, although he did not state that it specifically concerned the youngest victims. Similar statements <a href=\"https:\/\/web.archive.org\/web\/20231012095440\/https:\/www.reuters.com\/world\/middle-east\/bodies-residents-militants-lie-grounds-ravaged-israeli-kibbutz-2023-10-10\/\" target=\"_blank\" rel=\"noopener\">appeared<\/a>\u00a0in a Reuters article, and here too it was not specified which of the dead were found decapitated.<\/p>\n<h2><b>Where did the narrative come from?<\/b><\/h2>\n<p>This information then reached other media, both <a href=\"https:\/\/archive.ph\/E43Gf\" target=\"_blank\" rel=\"noopener\">foreign<\/a> and\u00a0<a href=\"https:\/\/tvn24.pl\/swiat\/atak-hamasu-na-izrael-masakra-w-kibucu-kfar-aza-znaleziono-ciala-okolo-40-dzieci-times-of-israel-7385395\" target=\"_blank\" rel=\"noopener\">Polish<\/a>. Kfar Aza\u00a0<a href=\"https:\/\/wiadomosci.gazeta.pl\/wiadomosci\/7,114881,30286434,masakra-w-kibucu-kfar-aza-odkryto-ciala-kobiet-i-40-dzieci.html\" target=\"_blank\" rel=\"noopener\">was called<\/a>\u00a0&#8220;Israeli Bucha&#8221;. Fakt daily clearly <a href=\"https:\/\/www.fakt.pl\/wydarzenia\/swiat\/masakra-w-kibucu-znaleziono-zwloki-40-dzieci-niemowletom-scieto-glowy\/5crnplg\" target=\"_blank\" rel=\"noopener\">stated<\/a> in one of the headlines that &#8220;infants were beheaded.&#8221; The Belarusian opposition news portal Nexta <a href=\"https:\/\/web.archive.org\/web\/20231013082555\/https:\/twitter.com\/nexta_tv\/status\/1711763121382019564?s=20\" target=\"_blank\" rel=\"noopener\">reported<\/a> on its X profile that all 40 murdered children were beheaded. The same number was <a href=\"https:\/\/www.instagram.com\/p\/CyQ9eq7snwx\/?img_index=1\" target=\"_blank\" rel=\"noopener\">repeated<\/a>\u00a0by an American actor of Jewish origin, Noah Schnapp, and it also <a href=\"https:\/\/www.tiktok.com\/@esthertaubfitness\/video\/7288451001583963399\" target=\"_blank\" rel=\"noopener\">appeared<\/a> on\u00a0TikTok. This is the number that has been <a href=\"https:\/\/www.nbcnews.com\/tech\/internet\/unverified-allegations-beheaded-babies-israel-hamas-war-inflame-social-rcna119902\" target=\"_blank\" rel=\"noopener\">circulating<\/a> the most on the Internet.<\/p>\n<p>&nbsp;<\/p>\n<figure id=\"attachment_19770\" aria-describedby=\"caption-attachment-19770\" style=\"width: 589px\" class=\"wp-caption alignnone\"><a href=\"https:\/\/web.archive.org\/web\/20231013082555\/https:\/\/twitter.com\/nexta_tv\/status\/1711763121382019564?s=20\" target=\"_blank\" rel=\"noopener\"><img decoding=\"async\" class=\"wp-image-19770 size-full\" src=\"https:\/\/fakenews.pl\/wp-content\/uploads\/2023\/12\/hamas1.png\" alt=\"&quot;Hamas beheaded 40 children&quot; \u2013 An analysis of media reports surrounding the massacre at an Israeli kibbutz\" width=\"589\" height=\"699\" \/><\/a><figcaption id=\"caption-attachment-19770\" class=\"wp-caption-text\">Source: x.com<\/figcaption><\/figure>\n<p><a href=\"https:\/\/web.archive.org\/web\/20231013082555\/https:\/twitter.com\/nexta_tv\/status\/1711763121382019564?s=20\" target=\"_blank\" rel=\"noopener\"><br \/>\n<\/a>The President of the United States, Joe Biden, also commented on this topic, which caused the issue to become global. During the press conference he <a href=\"https:\/\/www.politifact.com\/article\/2023\/nov\/21\/israel-hamas-war-what-we-know-about-beheaded-babie\/\" target=\"_blank\" rel=\"noopener\">stated<\/a>:<\/p>\n<p><i>&#8220;I never really thought that I would see and have confirmed pictures of terrorists beheading children.&#8221;<\/i><\/p>\n<p>Due to such claims, social media exploded with heated discussions about these events, generating extreme emotions.<\/p>\n<h2><b>Did Hamas behead 40 children? Conflicting reports<\/b><\/h2>\n<p>The next day, 11 October, the White House had to\u00a0<a href=\"https:\/\/www.nbcnews.com\/politics\/white-house\/biden-deliver-remarks-roundtable-jewish-community-leaders-rcna119865\" target=\"_blank\" rel=\"noopener\">clarify<\/a>\u00a0Joe Biden\u2019s words. As the U.S. president&#8217;s administration stated, he had not actually seen the photos he mentioned and was only referring to media reports. Meanwhile, journalist Oren Ziv from the Israeli <a href=\"https:\/\/twitter.com\/OrenZiv_\/status\/1712038436910055925\" target=\"_blank\" rel=\"noopener\">reported<\/a> that during his visit to Kfar Aza he saw no evidence of beheadings of children. Israeli soldiers and commanders also did not provide him with such information. Samuel Forey, a French journalist for Le Monde and Le Soir, was also <a href=\"https:\/\/twitter.com\/SamForey\/status\/1712019779995783540?s=20\" target=\"_blank\" rel=\"noopener\">unable<\/a>\u00a0to confirm the reports circulating online. Based on information from the spokesman of the Israel Defense Forces (IDF), the Turkish website Anadolu <a href=\"https:\/\/archive.ph\/HjOfn\" target=\"_blank\" rel=\"noopener\">reported<\/a> that the Israeli army also cannot confirm that such a situation took place.<\/p>\n<figure id=\"attachment_19772\" aria-describedby=\"caption-attachment-19772\" style=\"width: 591px\" class=\"wp-caption alignnone\"><a href=\"https:\/\/twitter.com\/OrenZiv_\/status\/1712038436910055925\" target=\"_blank\" rel=\"noopener\"><img decoding=\"async\" class=\"wp-image-19772 size-full\" src=\"https:\/\/fakenews.pl\/wp-content\/uploads\/2023\/12\/hamas2.png\" alt=\"&quot;Hamas beheaded 40 children&quot; \u2013 An analysis of media reports surrounding the massacre at an Israeli kibbutz\" width=\"591\" height=\"304\" \/><\/a><figcaption id=\"caption-attachment-19772\" class=\"wp-caption-text\">Source: x.com<\/figcaption><\/figure>\n<p>On 12 October, CNN\u00a0<a href=\"https:\/\/edition.cnn.com\/2023\/10\/12\/middleeast\/israel-hamas-beheading-claims-intl\" target=\"_blank\" rel=\"noopener\">informed<\/a> that the Israeli government are not able to confirm the information about beheadings of children. At the same time, CNN also emphasized that its journalists on site did not see evidence of the claims in question. However, on the same day, the Jerusalem Post <a href=\"https:\/\/twitter.com\/Jerusalem_Post\/status\/1712460425529372821\" target=\"_blank\" rel=\"noopener\">reported<\/a>\u00a0&#8220;based on verified photos&#8221; that children had been beheaded. The newspaper referred to photos <a href=\"https:\/\/twitter.com\/IsraeliPM\/status\/1712471782303867144?s=20\" target=\"_blank\" rel=\"noopener\">shared<\/a> on X\u00a0(WARNING: graphic content!) by the official account of the Prime Minister of Israel. However, they depict burned remains of infants and it is impossible to confirm whether their heads were cut off.<\/p>\n<figure id=\"attachment_19773\" aria-describedby=\"caption-attachment-19773\" style=\"width: 589px\" class=\"wp-caption alignnone\"><a href=\"https:\/\/twitter.com\/Jerusalem_Post\/status\/1712460425529372821\" target=\"_blank\" rel=\"noopener\"><img decoding=\"async\" class=\"wp-image-19773 size-full\" src=\"https:\/\/fakenews.pl\/wp-content\/uploads\/2023\/12\/hamas3.png\" alt=\"&quot;Hamas beheaded 40 children&quot; \u2013 An analysis of media reports surrounding the massacre at an Israeli kibbutz\" width=\"589\" height=\"602\" \/><\/a><figcaption id=\"caption-attachment-19773\" class=\"wp-caption-text\">Source: x.com<\/figcaption><\/figure>\n<p>In just three days, contradictory information began to circulate on the Internet. The information chaos surrounding the events at Kibbutz Kfar Aza was considerable. The situation was not improved by emotional discussions on social media.<\/p>\n<h2><b>IDF representatives in the media<\/b><\/h2>\n<p>On 11 October, Jonathan Conricus, spokesman for the IDF, stated &#8220;with relative certainty&#8221; during a <a href=\"https:\/\/twitter.com\/i\/broadcasts\/1MYGNorgjgLJw\" target=\"_blank\" rel=\"noopener\">broadcast<\/a>\u00a0on X that children were decapitated at Kibbutz Be&#8217;eri, several kilometres southwest of Kfar Aza. Meanwhile, Yossi Landau, head of the ZAKA organization (which brings together civilian, volunteer crisis response teams) for southern Israel, presented his experiences regarding the events in question within a few days.<\/p>\n<p>On 11 October, he\u00a0<a href=\"https:\/\/www.cbsnews.com\/live-updates\/israel-hamas-palestinian-war-attacks-gaza-strip\/#post-update-2e0fc8e1\" target=\"_blank\" rel=\"noopener\">said<\/a> that he had personally seen beheaded children in Kfar Aza. On 13 October, in an interview for the Indian TV Republic World, he clearly\u00a0<a href=\"https:\/\/www.youtube.com\/watch?v=fX5s5yIdzS8&amp;ab_channel=RepublicWorld\" target=\"_blank\" rel=\"noopener\">stated<\/a> that Hamas was chopping off heads of babies. On 17 October, in an interview with CNN, he <a href=\"https:\/\/edition.cnn.com\/videos\/world\/2023\/10\/17\/first-responders-hamas-attack-israel-diamond-pkg-tsr-vpx.cnn\" target=\"_blank\" rel=\"noopener\">reported<\/a> that he had seen a body of a teenager with a chopped off head. The same day, on Fox News, he <a href=\"https:\/\/www.foxnews.com\/video\/6339345751112\" target=\"_blank\" rel=\"noopener\">described<\/a>\u00a0extreme violence, including against children, but did not mention decapitations. During an interview on Israeli television Now 14 on 24 October, Landau <a href=\"https:\/\/twitter.com\/Now14Israel\/status\/1716958670771118307\" target=\"_blank\" rel=\"noopener\">said<\/a> that he personally carried bodies of murdered children and babies who had been decapitated.<\/p>\n<figure id=\"attachment_19775\" aria-describedby=\"caption-attachment-19775\" style=\"width: 854px\" class=\"wp-caption alignnone\"><a href=\"https:\/\/edition.cnn.com\/videos\/world\/2023\/10\/17\/first-responders-hamas-attack-israel-diamond-pkg-tsr-vpx.cnn\" target=\"_blank\" rel=\"noopener\"><img decoding=\"async\" class=\"wp-image-19775 size-full\" src=\"https:\/\/fakenews.pl\/wp-content\/uploads\/2023\/12\/hamas4.png\" alt=\"&quot;Hamas beheaded 40 children&quot; \u2013 An analysis of media reports surrounding the massacre at an Israeli kibbutz\" width=\"854\" height=\"778\" \/><\/a><figcaption id=\"caption-attachment-19775\" class=\"wp-caption-text\">\u0179r\u00f3d\u0142o: cnn.com<\/figcaption><\/figure>\n<p>At the same time, within a few days of the on-site inspection in Kfar Aza, many other representatives of the Israeli military provided information about the decapitations of the youngest civilians. They included IDF spokesman <a href=\"https:\/\/www.cbsnews.com\/news\/israel-babies-killed-hamas-terror-attack-kibbutz-kfar-aza-first-responders-say\/\" target=\"_blank\" rel=\"noopener\">Libby\u00a0Weiss<\/a>, IDF search and rescue chief <a href=\"https:\/\/www.nytimes.com\/2023\/10\/15\/world\/middleeast\/hamas-israel-mood-distrust.html\" target=\"_blank\" rel=\"noopener\">Golan Vach<\/a>, IDF Chief Rabbi <a href=\"https:\/\/www.npr.org\/2023\/10\/17\/1206601854\/israel-turns-to-dna-and-dental-imprints-to-identify-unrecognizable-bodies\" target=\"_blank\" rel=\"noopener\">Haim\u00a0Weisberg<\/a>, and an\u00a0<a href=\"https:\/\/www.politifact.com\/article\/2023\/nov\/21\/israel-hamas-war-what-we-know-about-beheaded-babie\/\" target=\"_blank\" rel=\"noopener\">anonymous person<\/a>\u00a0from the IDF North America press office.<\/p>\n<h2><b>Israeli and American authorities comment on the events<\/b><\/h2>\n<p>As already mentioned, Joe Biden commented on the events in Kfar Aza on 10 October. However, the meaning of his statement had to be clarified by the White House press office. On 15 October, during a conference, he <a href=\"https:\/\/www.whitehouse.gov\/briefing-room\/speeches-remarks\/2023\/11\/16\/remarks-by-president-biden-in-a-press-conference-woodside-ca\/\" target=\"_blank\" rel=\"noopener\">reiterated<\/a> that Hamas beheaded children. Three days later he also <a href=\"https:\/\/www.youtube.com\/watch?v=7tsCptaSebM&amp;t=53s&amp;ab_channel=TheWhiteHouse\" target=\"_blank\" rel=\"noopener\">raised<\/a> this issue. On 12 October, U.S. Secretary of State Antony Blinken <a href=\"https:\/\/www.state.gov\/secretary-antony-j-blinken-at-a-press-availability-39\/\" target=\"_blank\" rel=\"noopener\">said<\/a>\u00a0that the Israeli showed him photos of \u201edepravity and inhumanity directed at babies, at small children, at young adults, at elderly people, at people with disabilities.\u201d However, he did not confirm that they had been decapitated. He only saw the decapitated bodies of Israeli soldiers.<\/p>\n<p>On 11 October, a spokesperson for Israeli Prime Minister Benjamin Netanyahu\u00a0<a href=\"https:\/\/www.cnn.com\/middleeast\/live-news\/israel-hamas-war-gaza-10-11-23\/h_a63b0fd57f2df717147ea8e26a2f758c\" target=\"_blank\" rel=\"noopener\">told CNN<\/a>\u00a0that babies and toddlers were found in Kfar Aza with their &#8220;heads decapitated.&#8221; The next morning, neither an anonymous\u00a0<a href=\"https:\/\/edition.cnn.com\/2023\/10\/12\/middleeast\/israel-hamas-beheading-claims-intl\" target=\"_blank\" rel=\"noopener\">representative<\/a>\u00a0of the Israeli authorities nor (as already mentioned) the IDF could confirm the claim that Hamas beheaded babies, contradicting the previous statement of the prime minister\u2019s office. However, Netanyahu claimed both during\u00a0<a href=\"https:\/\/www.state.gov\/secretary-antony-j-blinken-and-israeli-prime-minister-benjamin-netanyahu-after-their-meeting-2\/\" target=\"_blank\" rel=\"noopener\">Secretary of State Antony Blinken<\/a>\u00a0and\u00a0<a href=\"https:\/\/www.whitehouse.gov\/briefing-room\/speeches-remarks\/2023\/10\/18\/remarks-by-president-biden-and-prime-minister-netanyahu-of-israel-before-bilateral-meeting-tel-aviv-israel\/\" target=\"_blank\" rel=\"noopener\">Biden\u2019s<\/a>\u00a0visits to Israel that Hamas beheaded people. Just like the previously mentioned representatives of the armed forces. This means that only on the evening of 11 October and the next day did the Israeli authorities state that the circulating information was uncertain, and at the same time they did so through the mouths of anonymous representatives. Yet, both the day before and the day after, the narrative from Israel was clear: Hamas had beheaded children. However, the exact number of the youngest victims with such injuries was never given, nor whether they were found in Kfar Aza, because the reports were not clear.<\/p>\n<p>On 20 October, Israel&#8217;s National Center for Forensic Medicine invited journalists to view the bodies of Hamas victims. The Media Line news agency <a href=\"https:\/\/themedialine.org\/top-stories\/evidence-on-display-at-israels-forensic-pathology-center-confirms-hamas-atrocities\/\" target=\"_blank\" rel=\"noopener\">confirmed<\/a>\u00a0(WARNING: graphic content!) that its representatives saw bodies of decapitated children during their visit.<\/p>\n<p>&nbsp;<\/p>\n<figure id=\"attachment_19819\" aria-describedby=\"caption-attachment-19819\" style=\"width: 771px\" class=\"wp-caption alignnone\"><a href=\"https:\/\/themedialine.org\/top-stories\/evidence-on-display-at-israels-forensic-pathology-center-confirms-hamas-atrocities\/\" target=\"_blank\" rel=\"noopener\"><img decoding=\"async\" class=\"wp-image-19819 size-full\" src=\"https:\/\/fakenews.pl\/wp-content\/uploads\/2023\/12\/hamas5-1.png\" alt=\"Hamas attack\" width=\"771\" height=\"531\" \/><\/a><figcaption id=\"caption-attachment-19819\" class=\"wp-caption-text\">Source: themedialine.org<\/figcaption><\/figure>\n<p><a href=\"https:\/\/themedialine.org\/top-stories\/evidence-on-display-at-israels-forensic-pathology-center-confirms-hamas-atrocities\/\" target=\"_blank\" rel=\"noopener\"><br \/>\n<\/a>Finally, it should be noted that Hamas has unequivocally <a href=\"https:\/\/edition.cnn.com\/2023\/10\/12\/middleeast\/israel-hamas-beheading-claims-intl\/index.html\" target=\"_blank\" rel=\"noopener\">denied<\/a>\u00a0any reports of children&#8217;s decapitations, calling them lies.<\/p>\n<h2><b>Summary<\/b><\/h2>\n<p>Did Hamas behead 40 children at Kibbutz Kfar Aza? The number in this question comes from combining two statements made by an Israeli journalist during her reporting from Kfar Aza. Official Israeli statements never indicated exactly how many children were decapitated. The media and Internet users reported this number without verifying its source. At the same time, the information chaos surrounding this case made it very difficult to figure out what was true and what was not. In the above article, we presented the facts we managed to gather in connection with the Kfar Aza massacre. Many of them contain contradictory reports and it is impossible to say unequivocally at this point which ones can be considered fully reliable. Therefore, no final conclusions can be drawn based on the information presented.<\/p>\n<p><strong>Sources<\/strong><\/p>\n<p>Tjekdet: <a href=\"https:\/\/www.tjekdet.dk\/faktatjek\/har-hamas-halshugget-40-babyer-i-israelsk-kibbutz\" target=\"_blank\" rel=\"false noopener\">https:\/\/www.tjekdet.dk\/faktatjek\/har-hamas-halshugget-40-babyer-i-israelsk-kibbutz<\/a><\/p>\n<p>PolitiFact: <a href=\"https:\/\/www.politifact.com\/article\/2023\/nov\/21\/israel-hamas-war-what-we-know-about-beheaded-babie\/\" target=\"_blank\" rel=\"false noopener\">https:\/\/www.politifact.com\/article\/2023\/nov\/21\/israel-hamas-war-what-we-know-about-beheaded-babie\/<\/a><\/p>\n<p>Anadolu: <a href=\"https:\/\/www.aa.com.tr\/en\/middle-east\/israeli-army-says-it-does-not-have-confirmation-about-allegations-that-hamas-beheaded-babies-\/3014787\" target=\"_blank\" rel=\"false noopener\">https:\/\/www.aa.com.tr\/en\/middle-east\/israeli-army-says-it-does-not-have-confirmation-about-allegations-that-hamas-beheaded-babies-\/3014787<\/a><\/p>\n<p>CNN:<\/p>\n<ol>\n<li><a href=\"https:\/\/edition.cnn.com\/2023\/10\/12\/middleeast\/israel-hamas-beheading-claims-intl\" target=\"_blank\" rel=\"false noopener\">https:\/\/edition.cnn.com\/2023\/10\/12\/middleeast\/israel-hamas-beheading-claims-intl<\/a><\/li>\n<li><a href=\"https:\/\/edition.cnn.com\/middleeast\/live-news\/israel-hamas-war-gaza-10-11-23\/h_a63b0fd57f2df717147ea8e26a2f758c\" target=\"_blank\" rel=\"false noopener\">https:\/\/edition.cnn.com\/middleeast\/live-news\/israel-hamas-war-gaza-10-11-23\/h_a63b0fd57f2df717147ea8e26a2f758c<\/a><\/li>\n<li><a href=\"https:\/\/edition.cnn.com\/videos\/world\/2023\/10\/17\/first-responders-hamas-attack-israel-diamond-pkg-tsr-vpx.cnn\" target=\"_blank\" rel=\"false noopener\">https:\/\/edition.cnn.com\/videos\/world\/2023\/10\/17\/first-responders-hamas-attack-israel-diamond-pkg-tsr-vpx.cnn<\/a><\/li>\n<\/ol>\n<p>NBC News:<\/p>\n<ol>\n<li><a href=\"https:\/\/www.nbcnews.com\/politics\/white-house\/biden-deliver-remarks-roundtable-jewish-community-leaders-rcna119865\" target=\"_blank\" rel=\"false noopener\">https:\/\/www.nbcnews.com\/politics\/white-house\/biden-deliver-remarks-roundtable-jewish-community-leaders-rcna119865<\/a><\/li>\n<li><a href=\"https:\/\/www.nbcnews.com\/tech\/internet\/unverified-allegations-beheaded-babies-israel-hamas-war-inflame-social-rcna119902\" target=\"_blank\" rel=\"false noopener\">https:\/\/www.nbcnews.com\/tech\/internet\/unverified-allegations-beheaded-babies-israel-hamas-war-inflame-social-rcna119902<\/a><\/li>\n<\/ol>\n<p>NPR: <a href=\"https:\/\/www.npr.org\/2023\/10\/17\/1206601854\/israel-turns-to-dna-and-dental-imprints-to-identify-unrecognizable-bodies\" target=\"_blank\" rel=\"false noopener\">https:\/\/www.npr.org\/2023\/10\/17\/1206601854\/israel-turns-to-dna-and-dental-imprints-to-identify-unrecognizable-bodies<\/a><\/p>\n<p>The New York Times: <a href=\"https:\/\/www.nytimes.com\/2023\/10\/15\/world\/middleeast\/hamas-israel-mood-distrust.html\" target=\"_blank\" rel=\"false noopener\">https:\/\/www.nytimes.com\/2023\/10\/15\/world\/middleeast\/hamas-israel-mood-distrust.html<\/a><\/p>\n<p>CBS News:<\/p>\n<ol>\n<li><a href=\"https:\/\/www.cbsnews.com\/news\/israel-babies-killed-hamas-terror-attack-kibbutz-kfar-aza-first-responders-say\/\" target=\"_blank\" rel=\"false noopener\">https:\/\/www.cbsnews.com\/news\/israel-babies-killed-hamas-terror-attack-kibbutz-kfar-aza-first-responders-say\/<\/a><\/li>\n<li><a href=\"https:\/\/www.cbsnews.com\/live-updates\/israel-hamas-palestinian-war-attacks-gaza-strip\/#post-update-2e0fc8e1\" target=\"_blank\" rel=\"false noopener\">https:\/\/www.cbsnews.com\/live-updates\/israel-hamas-palestinian-war-attacks-gaza-strip\/#post-update-2e0fc8e1<\/a><\/li>\n<\/ol>\n<p>Fox News: <a href=\"https:\/\/www.foxnews.com\/video\/6339345751112\" target=\"_blank\" rel=\"false noopener\">https:\/\/www.foxnews.com\/video\/6339345751112<\/a><\/p>\n<p>White Hourse:<\/p>\n<ol>\n<li><a href=\"https:\/\/www.whitehouse.gov\/briefing-room\/speeches-remarks\/2023\/11\/16\/remarks-by-president-biden-in-a-press-conference-woodside-ca\/\" target=\"_blank\" rel=\"false noopener\">https:\/\/www.whitehouse.gov\/briefing-room\/speeches-remarks\/2023\/11\/16\/remarks-by-president-biden-in-a-press-conference-woodside-ca\/<\/a><\/li>\n<li><a href=\"https:\/\/www.whitehouse.gov\/briefing-room\/speeches-remarks\/2023\/10\/18\/remarks-by-president-biden-and-prime-minister-netanyahu-of-israel-before-bilateral-meeting-tel-aviv-israel\/\" target=\"_blank\" rel=\"false noopener\">https:\/\/www.whitehouse.gov\/briefing-room\/speeches-remarks\/2023\/10\/18\/remarks-by-president-biden-and-prime-minister-netanyahu-of-israel-before-bilateral-meeting-tel-aviv-israel\/<\/a><\/li>\n<\/ol>\n<p>State GOV:<\/p>\n<ol>\n<li><a href=\"https:\/\/www.state.gov\/secretary-antony-j-blinken-at-a-press-availability-39\/\" target=\"_blank\" rel=\"false noopener\">https:\/\/www.state.gov\/secretary-antony-j-blinken-at-a-press-availability-39\/<\/a><\/li>\n<li><a href=\"https:\/\/www.state.gov\/secretary-antony-j-blinken-and-israeli-prime-minister-benjamin-netanyahu-after-their-meeting-2\/\" target=\"_blank\" rel=\"false noopener\">https:\/\/www.state.gov\/secretary-antony-j-blinken-and-israeli-prime-minister-benjamin-netanyahu-after-their-meeting-2\/<\/a><\/li>\n<\/ol>\n<p>The Media Line: <a href=\"https:\/\/themedialine.org\/top-stories\/evidence-on-display-at-israels-forensic-pathology-center-confirms-hamas-atrocities\/\" target=\"_blank\" rel=\"false noopener\">https:\/\/themedialine.org\/top-stories\/evidence-on-display-at-israels-forensic-pathology-center-confirms-hamas-atrocities\/<\/a><\/p>\n","protected":false},"excerpt":{"rendered":"<p>In the first weeks after the terrorist attack on Israel, information circulated in the media that Hamas had beheaded 40 children. Naturally, it evoked strong emotions. However, it quickly turned out that the news may not be completely true. Almost two months have passed since these events, so we decided to take a closer look [&hellip;]<\/p>\n","protected":false},"author":5,"featured_media":808,"comment_status":"open","ping_status":"open","sticky":false,"template":"","format":"standard","meta":{"_acf_changed":false,"footnotes":""},"categories":[1],"tags":[67,15,70],"class_list":["post-805","post","type-post","status-publish","format-standard","has-post-thumbnail","hentry","category-general","tag-hamas","tag-israel","tag-palestine"],"acf":{"teza":"","url":"","autor":"","data":null,"ocena":"Analiza"},"yoast_head":"<!-- This site is optimized with the Yoast SEO plugin v25.2 - https:\/\/yoast.com\/wordpress\/plugins\/seo\/ -->\n<title>&quot;Hamas beheaded 40 children&quot; \u2013 An analysis of media reports surrounding the massacre at an Israeli kibbutz - Fakenews.pl<\/title>\n<meta name=\"description\" content=\"In the first weeks after the terrorist attack on Israel, information circulated in the media that Hamas had beheaded 40 children. Naturally, it evoked\" \/>\n<meta name=\"robots\" content=\"index, follow, max-snippet:-1, max-image-preview:large, max-video-preview:-1\" \/>\n<link rel=\"canonical\" href=\"https:\/\/fakenews.pl\/en\/general\/hamas-beheaded-40-children-an-analysis-of-media-reports-surrounding-the-massacre-at-an-israeli-kibbutz\/\" \/>\n<meta property=\"og:locale\" content=\"en_US\" \/>\n<meta property=\"og:type\" content=\"article\" \/>\n<meta property=\"og:title\" content=\"&quot;Hamas beheaded 40 children&quot; \u2013 An analysis of media reports surrounding the massacre at an Israeli kibbutz - Fakenews.pl\" \/>\n<meta property=\"og:description\" content=\"In the first weeks after the terrorist attack on Israel, information circulated in the media that Hamas had beheaded 40 children. Naturally, it evoked\" \/>\n<meta property=\"og:url\" content=\"https:\/\/fakenews.pl\/en\/general\/hamas-beheaded-40-children-an-analysis-of-media-reports-surrounding-the-massacre-at-an-israeli-kibbutz\/\" \/>\n<meta property=\"og:site_name\" content=\"Fakenews.pl\" \/>\n<meta property=\"article:published_time\" content=\"2024-01-02T18:39:52+00:00\" \/>\n<meta property=\"og:image\" content=\"https:\/\/fakenews.pl\/en\/wp-content\/uploads\/sites\/2\/2024\/01\/hamas.jpg\" \/>\n\t<meta property=\"og:image:width\" content=\"1530\" \/>\n\t<meta property=\"og:image:height\" content=\"800\" \/>\n\t<meta property=\"og:image:type\" content=\"image\/jpeg\" \/>\n<meta name=\"author\" content=\"Mateusz Zadroga\" \/>\n<meta name=\"twitter:card\" content=\"summary_large_image\" \/>\n<meta name=\"twitter:creator\" content=\"@ZadrogaMateusz\" \/>\n<meta name=\"twitter:label1\" content=\"Written by\" \/>\n\t<meta name=\"twitter:data1\" content=\"Mateusz Zadroga\" \/>\n\t<meta name=\"twitter:label2\" content=\"Est. reading time\" \/>\n\t<meta name=\"twitter:data2\" content=\"10 minutes\" \/>\n<script type=\"application\/ld+json\" class=\"yoast-schema-graph\">{\"@context\":\"https:\/\/schema.org\",\"@graph\":[{\"@type\":\"Article\",\"@id\":\"https:\/\/fakenews.pl\/en\/general\/hamas-beheaded-40-children-an-analysis-of-media-reports-surrounding-the-massacre-at-an-israeli-kibbutz\/#article\",\"isPartOf\":{\"@id\":\"https:\/\/fakenews.pl\/en\/general\/hamas-beheaded-40-children-an-analysis-of-media-reports-surrounding-the-massacre-at-an-israeli-kibbutz\/\"},\"author\":{\"name\":\"Mateusz Zadroga\",\"@id\":\"https:\/\/fakenews.pl\/en\/#\/schema\/person\/98db5c98a4ab9285014cac2a9267741f\"},\"headline\":\"&#8220;Hamas beheaded 40 children&#8221; \u2013 An analysis of media reports surrounding the massacre at an Israeli kibbutz\",\"datePublished\":\"2024-01-02T18:39:52+00:00\",\"mainEntityOfPage\":{\"@id\":\"https:\/\/fakenews.pl\/en\/general\/hamas-beheaded-40-children-an-analysis-of-media-reports-surrounding-the-massacre-at-an-israeli-kibbutz\/\"},\"wordCount\":2064,\"commentCount\":0,\"publisher\":{\"@id\":\"https:\/\/fakenews.pl\/en\/#organization\"},\"image\":{\"@id\":\"https:\/\/fakenews.pl\/en\/general\/hamas-beheaded-40-children-an-analysis-of-media-reports-surrounding-the-massacre-at-an-israeli-kibbutz\/#primaryimage\"},\"thumbnailUrl\":\"https:\/\/fakenews.pl\/en\/wp-content\/uploads\/sites\/2\/2024\/01\/hamas.jpg\",\"keywords\":[\"Hamas\",\"Israel\",\"Palestine\"],\"articleSection\":[\"General\"],\"inLanguage\":\"en-US\",\"potentialAction\":[{\"@type\":\"CommentAction\",\"name\":\"Comment\",\"target\":[\"https:\/\/fakenews.pl\/en\/general\/hamas-beheaded-40-children-an-analysis-of-media-reports-surrounding-the-massacre-at-an-israeli-kibbutz\/#respond\"]}]},{\"@type\":\"WebPage\",\"@id\":\"https:\/\/fakenews.pl\/en\/general\/hamas-beheaded-40-children-an-analysis-of-media-reports-surrounding-the-massacre-at-an-israeli-kibbutz\/\",\"url\":\"https:\/\/fakenews.pl\/en\/general\/hamas-beheaded-40-children-an-analysis-of-media-reports-surrounding-the-massacre-at-an-israeli-kibbutz\/\",\"name\":\"\\\"Hamas beheaded 40 children\\\" \u2013 An analysis of media reports surrounding the massacre at an Israeli kibbutz - Fakenews.pl\",\"isPartOf\":{\"@id\":\"https:\/\/fakenews.pl\/en\/#website\"},\"primaryImageOfPage\":{\"@id\":\"https:\/\/fakenews.pl\/en\/general\/hamas-beheaded-40-children-an-analysis-of-media-reports-surrounding-the-massacre-at-an-israeli-kibbutz\/#primaryimage\"},\"image\":{\"@id\":\"https:\/\/fakenews.pl\/en\/general\/hamas-beheaded-40-children-an-analysis-of-media-reports-surrounding-the-massacre-at-an-israeli-kibbutz\/#primaryimage\"},\"thumbnailUrl\":\"https:\/\/fakenews.pl\/en\/wp-content\/uploads\/sites\/2\/2024\/01\/hamas.jpg\",\"datePublished\":\"2024-01-02T18:39:52+00:00\",\"description\":\"In the first weeks after the terrorist attack on Israel, information circulated in the media that Hamas had beheaded 40 children. Naturally, it evoked\",\"breadcrumb\":{\"@id\":\"https:\/\/fakenews.pl\/en\/general\/hamas-beheaded-40-children-an-analysis-of-media-reports-surrounding-the-massacre-at-an-israeli-kibbutz\/#breadcrumb\"},\"inLanguage\":\"en-US\",\"potentialAction\":[{\"@type\":\"ReadAction\",\"target\":[\"https:\/\/fakenews.pl\/en\/general\/hamas-beheaded-40-children-an-analysis-of-media-reports-surrounding-the-massacre-at-an-israeli-kibbutz\/\"]}]},{\"@type\":\"ImageObject\",\"inLanguage\":\"en-US\",\"@id\":\"https:\/\/fakenews.pl\/en\/general\/hamas-beheaded-40-children-an-analysis-of-media-reports-surrounding-the-massacre-at-an-israeli-kibbutz\/#primaryimage\",\"url\":\"https:\/\/fakenews.pl\/en\/wp-content\/uploads\/sites\/2\/2024\/01\/hamas.jpg\",\"contentUrl\":\"https:\/\/fakenews.pl\/en\/wp-content\/uploads\/sites\/2\/2024\/01\/hamas.jpg\",\"width\":1530,\"height\":800},{\"@type\":\"BreadcrumbList\",\"@id\":\"https:\/\/fakenews.pl\/en\/general\/hamas-beheaded-40-children-an-analysis-of-media-reports-surrounding-the-massacre-at-an-israeli-kibbutz\/#breadcrumb\",\"itemListElement\":[{\"@type\":\"ListItem\",\"position\":1,\"name\":\"Home\",\"item\":\"https:\/\/fakenews.pl\/en\/\"},{\"@type\":\"ListItem\",\"position\":2,\"name\":\"&#8220;Hamas beheaded 40 children&#8221; \u2013 An analysis of media reports surrounding the massacre at an Israeli kibbutz\"}]},{\"@type\":\"WebSite\",\"@id\":\"https:\/\/fakenews.pl\/en\/#website\",\"url\":\"https:\/\/fakenews.pl\/en\/\",\"name\":\"Fakenews.pl\",\"description\":\"Fact-checking website and organization. Fake news, disinformation, manipulation. We got them covered.\",\"publisher\":{\"@id\":\"https:\/\/fakenews.pl\/en\/#organization\"},\"potentialAction\":[{\"@type\":\"SearchAction\",\"target\":{\"@type\":\"EntryPoint\",\"urlTemplate\":\"https:\/\/fakenews.pl\/en\/?s={search_term_string}\"},\"query-input\":{\"@type\":\"PropertyValueSpecification\",\"valueRequired\":true,\"valueName\":\"search_term_string\"}}],\"inLanguage\":\"en-US\"},{\"@type\":\"Organization\",\"@id\":\"https:\/\/fakenews.pl\/en\/#organization\",\"name\":\"Foundation \\\"Counteracting Disinformation\\\"\",\"url\":\"https:\/\/fakenews.pl\/en\/\",\"logo\":{\"@type\":\"ImageObject\",\"inLanguage\":\"en-US\",\"@id\":\"https:\/\/fakenews.pl\/en\/#\/schema\/logo\/image\/\",\"url\":\"https:\/\/fakenews.pl\/en\/wp-content\/uploads\/sites\/2\/2022\/06\/logo.png\",\"contentUrl\":\"https:\/\/fakenews.pl\/en\/wp-content\/uploads\/sites\/2\/2022\/06\/logo.png\",\"width\":1000,\"height\":1000,\"caption\":\"Foundation \\\"Counteracting Disinformation\\\"\"},\"image\":{\"@id\":\"https:\/\/fakenews.pl\/en\/#\/schema\/logo\/image\/\"}},{\"@type\":\"Person\",\"@id\":\"https:\/\/fakenews.pl\/en\/#\/schema\/person\/98db5c98a4ab9285014cac2a9267741f\",\"name\":\"Mateusz Zadroga\",\"image\":{\"@type\":\"ImageObject\",\"inLanguage\":\"en-US\",\"@id\":\"https:\/\/fakenews.pl\/en\/#\/schema\/person\/image\/\",\"url\":\"https:\/\/secure.gravatar.com\/avatar\/aa89811fd62a3788e181ac5e5e4882420387c1c8c16e59ba41349b4dce3c9b50?s=96&d=mm&r=g\",\"contentUrl\":\"https:\/\/secure.gravatar.com\/avatar\/aa89811fd62a3788e181ac5e5e4882420387c1c8c16e59ba41349b4dce3c9b50?s=96&d=mm&r=g\",\"caption\":\"Mateusz Zadroga\"},\"description\":\"Absolwent Uniwersytetu Kardyna\u0142a Stefana Wyszy\u0144skiego w Warszawie. Uko\u0144czy\u0142 histori\u0119 ze specjalizacj\u0105 w zakresie Powstania Chmielnickiego oraz og\u00f3ln\u0105 histori\u0105 wojskowo\u015bci. Dzia\u0142acz spo\u0142eczny, pracowa\u0142 dla kilku organizacji pozarz\u0105dowych, zajmuj\u0105cych si\u0119 pomoc\u0105 opuszczonym i osieroconym dzieciom. W fakenews.pl od grudnia 2020 roku. Prywatnie jego pasj\u0105 jest muzyka, interesuje si\u0119 r\u00f3wnie\u017c histori\u0105 transportu, nowymi technologiami oraz astronomi\u0105. Email: mzadroga(at)fakenews.pl\",\"sameAs\":[\"https:\/\/x.com\/ZadrogaMateusz\"],\"url\":\"https:\/\/fakenews.pl\/en\/author\/mzadroga\/\"}]}<\/script>\n<!-- \/ Yoast SEO plugin. -->","yoast_head_json":{"title":"\"Hamas beheaded 40 children\" \u2013 An analysis of media reports surrounding the massacre at an Israeli kibbutz - Fakenews.pl","description":"In the first weeks after the terrorist attack on Israel, information circulated in the media that Hamas had beheaded 40 children. Naturally, it evoked","robots":{"index":"index","follow":"follow","max-snippet":"max-snippet:-1","max-image-preview":"max-image-preview:large","max-video-preview":"max-video-preview:-1"},"canonical":"https:\/\/fakenews.pl\/en\/general\/hamas-beheaded-40-children-an-analysis-of-media-reports-surrounding-the-massacre-at-an-israeli-kibbutz\/","og_locale":"en_US","og_type":"article","og_title":"\"Hamas beheaded 40 children\" \u2013 An analysis of media reports surrounding the massacre at an Israeli kibbutz - Fakenews.pl","og_description":"In the first weeks after the terrorist attack on Israel, information circulated in the media that Hamas had beheaded 40 children. Naturally, it evoked","og_url":"https:\/\/fakenews.pl\/en\/general\/hamas-beheaded-40-children-an-analysis-of-media-reports-surrounding-the-massacre-at-an-israeli-kibbutz\/","og_site_name":"Fakenews.pl","article_published_time":"2024-01-02T18:39:52+00:00","og_image":[{"width":1530,"height":800,"url":"https:\/\/fakenews.pl\/en\/wp-content\/uploads\/sites\/2\/2024\/01\/hamas.jpg","type":"image\/jpeg"}],"author":"Mateusz Zadroga","twitter_card":"summary_large_image","twitter_creator":"@ZadrogaMateusz","twitter_misc":{"Written by":"Mateusz Zadroga","Est. reading time":"10 minutes"},"schema":{"@context":"https:\/\/schema.org","@graph":[{"@type":"Article","@id":"https:\/\/fakenews.pl\/en\/general\/hamas-beheaded-40-children-an-analysis-of-media-reports-surrounding-the-massacre-at-an-israeli-kibbutz\/#article","isPartOf":{"@id":"https:\/\/fakenews.pl\/en\/general\/hamas-beheaded-40-children-an-analysis-of-media-reports-surrounding-the-massacre-at-an-israeli-kibbutz\/"},"author":{"name":"Mateusz Zadroga","@id":"https:\/\/fakenews.pl\/en\/#\/schema\/person\/98db5c98a4ab9285014cac2a9267741f"},"headline":"&#8220;Hamas beheaded 40 children&#8221; \u2013 An analysis of media reports surrounding the massacre at an Israeli kibbutz","datePublished":"2024-01-02T18:39:52+00:00","mainEntityOfPage":{"@id":"https:\/\/fakenews.pl\/en\/general\/hamas-beheaded-40-children-an-analysis-of-media-reports-surrounding-the-massacre-at-an-israeli-kibbutz\/"},"wordCount":2064,"commentCount":0,"publisher":{"@id":"https:\/\/fakenews.pl\/en\/#organization"},"image":{"@id":"https:\/\/fakenews.pl\/en\/general\/hamas-beheaded-40-children-an-analysis-of-media-reports-surrounding-the-massacre-at-an-israeli-kibbutz\/#primaryimage"},"thumbnailUrl":"https:\/\/fakenews.pl\/en\/wp-content\/uploads\/sites\/2\/2024\/01\/hamas.jpg","keywords":["Hamas","Israel","Palestine"],"articleSection":["General"],"inLanguage":"en-US","potentialAction":[{"@type":"CommentAction","name":"Comment","target":["https:\/\/fakenews.pl\/en\/general\/hamas-beheaded-40-children-an-analysis-of-media-reports-surrounding-the-massacre-at-an-israeli-kibbutz\/#respond"]}]},{"@type":"WebPage","@id":"https:\/\/fakenews.pl\/en\/general\/hamas-beheaded-40-children-an-analysis-of-media-reports-surrounding-the-massacre-at-an-israeli-kibbutz\/","url":"https:\/\/fakenews.pl\/en\/general\/hamas-beheaded-40-children-an-analysis-of-media-reports-surrounding-the-massacre-at-an-israeli-kibbutz\/","name":"\"Hamas beheaded 40 children\" \u2013 An analysis of media reports surrounding the massacre at an Israeli kibbutz - Fakenews.pl","isPartOf":{"@id":"https:\/\/fakenews.pl\/en\/#website"},"primaryImageOfPage":{"@id":"https:\/\/fakenews.pl\/en\/general\/hamas-beheaded-40-children-an-analysis-of-media-reports-surrounding-the-massacre-at-an-israeli-kibbutz\/#primaryimage"},"image":{"@id":"https:\/\/fakenews.pl\/en\/general\/hamas-beheaded-40-children-an-analysis-of-media-reports-surrounding-the-massacre-at-an-israeli-kibbutz\/#primaryimage"},"thumbnailUrl":"https:\/\/fakenews.pl\/en\/wp-content\/uploads\/sites\/2\/2024\/01\/hamas.jpg","datePublished":"2024-01-02T18:39:52+00:00","description":"In the first weeks after the terrorist attack on Israel, information circulated in the media that Hamas had beheaded 40 children. Naturally, it evoked","breadcrumb":{"@id":"https:\/\/fakenews.pl\/en\/general\/hamas-beheaded-40-children-an-analysis-of-media-reports-surrounding-the-massacre-at-an-israeli-kibbutz\/#breadcrumb"},"inLanguage":"en-US","potentialAction":[{"@type":"ReadAction","target":["https:\/\/fakenews.pl\/en\/general\/hamas-beheaded-40-children-an-analysis-of-media-reports-surrounding-the-massacre-at-an-israeli-kibbutz\/"]}]},{"@type":"ImageObject","inLanguage":"en-US","@id":"https:\/\/fakenews.pl\/en\/general\/hamas-beheaded-40-children-an-analysis-of-media-reports-surrounding-the-massacre-at-an-israeli-kibbutz\/#primaryimage","url":"https:\/\/fakenews.pl\/en\/wp-content\/uploads\/sites\/2\/2024\/01\/hamas.jpg","contentUrl":"https:\/\/fakenews.pl\/en\/wp-content\/uploads\/sites\/2\/2024\/01\/hamas.jpg","width":1530,"height":800},{"@type":"BreadcrumbList","@id":"https:\/\/fakenews.pl\/en\/general\/hamas-beheaded-40-children-an-analysis-of-media-reports-surrounding-the-massacre-at-an-israeli-kibbutz\/#breadcrumb","itemListElement":[{"@type":"ListItem","position":1,"name":"Home","item":"https:\/\/fakenews.pl\/en\/"},{"@type":"ListItem","position":2,"name":"&#8220;Hamas beheaded 40 children&#8221; \u2013 An analysis of media reports surrounding the massacre at an Israeli kibbutz"}]},{"@type":"WebSite","@id":"https:\/\/fakenews.pl\/en\/#website","url":"https:\/\/fakenews.pl\/en\/","name":"Fakenews.pl","description":"Fact-checking website and organization. Fake news, disinformation, manipulation. We got them covered.","publisher":{"@id":"https:\/\/fakenews.pl\/en\/#organization"},"potentialAction":[{"@type":"SearchAction","target":{"@type":"EntryPoint","urlTemplate":"https:\/\/fakenews.pl\/en\/?s={search_term_string}"},"query-input":{"@type":"PropertyValueSpecification","valueRequired":true,"valueName":"search_term_string"}}],"inLanguage":"en-US"},{"@type":"Organization","@id":"https:\/\/fakenews.pl\/en\/#organization","name":"Foundation \"Counteracting Disinformation\"","url":"https:\/\/fakenews.pl\/en\/","logo":{"@type":"ImageObject","inLanguage":"en-US","@id":"https:\/\/fakenews.pl\/en\/#\/schema\/logo\/image\/","url":"https:\/\/fakenews.pl\/en\/wp-content\/uploads\/sites\/2\/2022\/06\/logo.png","contentUrl":"https:\/\/fakenews.pl\/en\/wp-content\/uploads\/sites\/2\/2022\/06\/logo.png","width":1000,"height":1000,"caption":"Foundation \"Counteracting Disinformation\""},"image":{"@id":"https:\/\/fakenews.pl\/en\/#\/schema\/logo\/image\/"}},{"@type":"Person","@id":"https:\/\/fakenews.pl\/en\/#\/schema\/person\/98db5c98a4ab9285014cac2a9267741f","name":"Mateusz Zadroga","image":{"@type":"ImageObject","inLanguage":"en-US","@id":"https:\/\/fakenews.pl\/en\/#\/schema\/person\/image\/","url":"https:\/\/secure.gravatar.com\/avatar\/aa89811fd62a3788e181ac5e5e4882420387c1c8c16e59ba41349b4dce3c9b50?s=96&d=mm&r=g","contentUrl":"https:\/\/secure.gravatar.com\/avatar\/aa89811fd62a3788e181ac5e5e4882420387c1c8c16e59ba41349b4dce3c9b50?s=96&d=mm&r=g","caption":"Mateusz Zadroga"},"description":"Absolwent Uniwersytetu Kardyna\u0142a Stefana Wyszy\u0144skiego w Warszawie. Uko\u0144czy\u0142 histori\u0119 ze specjalizacj\u0105 w zakresie Powstania Chmielnickiego oraz og\u00f3ln\u0105 histori\u0105 wojskowo\u015bci. Dzia\u0142acz spo\u0142eczny, pracowa\u0142 dla kilku organizacji pozarz\u0105dowych, zajmuj\u0105cych si\u0119 pomoc\u0105 opuszczonym i osieroconym dzieciom. W fakenews.pl od grudnia 2020 roku. Prywatnie jego pasj\u0105 jest muzyka, interesuje si\u0119 r\u00f3wnie\u017c histori\u0105 transportu, nowymi technologiami oraz astronomi\u0105. Email: mzadroga(at)fakenews.pl","sameAs":["https:\/\/x.com\/ZadrogaMateusz"],"url":"https:\/\/fakenews.pl\/en\/author\/mzadroga\/"}]}},"_links":{"self":[{"href":"https:\/\/fakenews.pl\/en\/wp-json\/wp\/v2\/posts\/805","targetHints":{"allow":["GET"]}}],"collection":[{"href":"https:\/\/fakenews.pl\/en\/wp-json\/wp\/v2\/posts"}],"about":[{"href":"https:\/\/fakenews.pl\/en\/wp-json\/wp\/v2\/types\/post"}],"author":[{"embeddable":true,"href":"https:\/\/fakenews.pl\/en\/wp-json\/wp\/v2\/users\/5"}],"replies":[{"embeddable":true,"href":"https:\/\/fakenews.pl\/en\/wp-json\/wp\/v2\/comments?post=805"}],"version-history":[{"count":3,"href":"https:\/\/fakenews.pl\/en\/wp-json\/wp\/v2\/posts\/805\/revisions"}],"predecessor-version":[{"id":809,"href":"https:\/\/fakenews.pl\/en\/wp-json\/wp\/v2\/posts\/805\/revisions\/809"}],"wp:featuredmedia":[{"embeddable":true,"href":"https:\/\/fakenews.pl\/en\/wp-json\/wp\/v2\/media\/808"}],"wp:attachment":[{"href":"https:\/\/fakenews.pl\/en\/wp-json\/wp\/v2\/media?parent=805"}],"wp:term":[{"taxonomy":"category","embeddable":true,"href":"https:\/\/fakenews.pl\/en\/wp-json\/wp\/v2\/categories?post=805"},{"taxonomy":"post_tag","embeddable":true,"href":"https:\/\/fakenews.pl\/en\/wp-json\/wp\/v2\/tags?post=805"}],"curies":[{"name":"wp","href":"https:\/\/api.w.org\/{rel}","templated":true}]}}